{"short_name":"Photographe ","name":"Photographe  Christian Bordey","icons":[{"src":"https:\/\/dkemhji6i1k0x.cloudfront.net\/000_clients\/103636\/file\/48x48-103636nTalVGDx.png","sizes":"48x48","type":"image\/png","purpose":"any maskable"},{"src":"https:\/\/dkemhji6i1k0x.cloudfront.net\/000_clients\/103636\/file\/72x72-103636nTalVGDx.png","sizes":"72x72","type":"image\/png","purpose":"any maskable"},{"src":"https:\/\/dkemhji6i1k0x.cloudfront.net\/000_clients\/103636\/file\/96x96-103636nTalVGDx.png","sizes":"96x96","type":"image\/png","purpose":"any maskable"},{"src":"https:\/\/dkemhji6i1k0x.cloudfront.net\/000_clients\/103636\/file\/16x16-103636nTalVGDx.png","sizes":"16x16","type":"image\/png","purpose":"any maskable"},{"src":"https:\/\/dkemhji6i1k0x.cloudfront.net\/000_clients\/103636\/file\/144x144-103636nTalVGDx.png","sizes":"144x144","type":"image\/png","purpose":"any maskable"},{"src":"https:\/\/dkemhji6i1k0x.cloudfront.net\/000_clients\/103636\/file\/168x168-103636nTalVGDx.png","sizes":"168x168","type":"image\/png","purpose":"any maskable"},{"src":"https:\/\/dkemhji6i1k0x.cloudfront.net\/000_clients\/103636\/file\/192x192-103636nTalVGDx.png","sizes":"192x192","type":"image\/png","purpose":"any maskable"}],"start_url":"\/","scope":"\/","display":"standalone","lang":"en","background_color":"#ffffff","description":"Photographe artiste bas\u00e9 aux Saintes - Photos cr\u00e9ative & \u00e9motionnelle de paysages et portraits.","orientation":"portrait-primary","theme_color":"#ffffff","related_applications":[{"platform":"web","url":"http:\/\/www.christianbordey.com"}]}